{"id":1175646,"date":"2025-05-06T13:16:55","date_gmt":"2025-05-06T11:16:55","guid":{"rendered":"https:\/\/groupe-hotelo.com\/?p=1175646"},"modified":"2025-05-06T13:16:55","modified_gmt":"2025-05-06T11:16:55","slug":"hotel-3%e2%98%85-lyon-pollutec-parking-et-bonne-humeur","status":"publish","type":"post","link":"https:\/\/groupe-hotelo.com\/en\/hotel-3%e2%98%85-lyon-pollutec-parking-et-bonne-humeur\/","title":{"rendered":"H\u00f4tel 3\u2605 Lyon Pollutec : Parking et bonne humeur"},"content":{"rendered":"<p>Pr\u00eat(e) \u00e0 conjuguer efficacit\u00e9 professionnelle et cocooning lyonnais pour le salon Pollutec 2025 ? Tr\u00e8s facile d\u2019acc\u00e8s au centre d\u2019Eurexpo les h\u00f4tels Hotelo Lyon Charit\u00e9 et Hotelo Lyon Ainay d\u00e9ploient leurs chambres 3 \u00e9toiles et leurs parkings s\u00e9curis\u00e9s avec une touche de magie : notre concept d&rsquo;h\u00f4tel d\u00e9capsuleur de bonne humeur qui transforme chaque retour de stand en parenth\u00e8se r\u00e9confortante. Entre confort et service teint\u00e9 d\u2019insouciance, d\u00e9couvrez pourquoi votre h\u00e9bergement <strong>pollutec devient le secret<\/strong> le mieux gard\u00e9 des pros astucieux.<\/p>\n<p>&nbsp;<\/p>\n<p><strong>Summary<\/strong><\/p>\n<ol>\n<li><a href=\"#hotel-lyon-pollutec-votre-base-camp-pro\">Hotelo Lyon Pollutec : votre base camp professionnel<\/a><\/li>\n<li><a href=\"#confort-humour-votre-alli\u00e9-evenementiel\">Confort &amp; bonne humeur : votre alli\u00e9 \u00e9v\u00e9nementiel<\/a><\/li>\n<li><a href=\"#lyon-apres-pollutec-votre-echappatoire\">Lyon apr\u00e8s Pollutec : votre \u00e9chappatoire<\/a><\/li>\n<\/ol>\n<h2><\/h2>\n<h2><strong>Hotelo Lyon Pollutec : votre base camp professionnel<\/strong><\/h2>\n<p>Nich\u00e9 entre la gare Perrache et les lumi\u00e8res de la place Carnot, les h\u00f4tels Hotelo Lyon Charit\u00e9 et Hotelo Lyon Ainay vous placent \u00e0 45 minutes d&rsquo;Eurexpo gr\u00e2ce aux tramways T2 &amp; T5. Vos alli\u00e9s pour le salon Pollutec 2025 combinent <strong>emplacement strat\u00e9gique et services malins<\/strong>.<\/p>\n<ul>\n<li><strong>Facilit\u00e9 d\u2019acc\u00e8s avec Eurexpo Lyon<\/strong> via le tramway<\/li>\n<li><strong>Acc\u00e8s au centre-ville<\/strong> et \u00e0 la Place Carnot en quelques minutes \u00e0 pied<\/li>\n<li><strong>Parking s\u00e9curis\u00e9 inclus<\/strong> pour v\u00e9hicules et v\u00e9los professionnels<\/li>\n<li><strong>Connexion TGV \u00e0 20 minutes<\/strong><\/li>\n<li><strong>Sortie d\u2019autoroute A7 &amp; A6<\/strong><\/li>\n<\/ul>\n<p>Depuis nos h\u00f4tels 3 \u00e9toiles, rejoignez le salon international Pollutec en un ticket de transport en commun : <strong>tram T2 &amp; T5 jusqu&rsquo;\u00e0 Eurexpo<\/strong> , location de v\u00e9los ou navettes directes depuis la gare Part-Dieu. Consultez tcl.fr pour planifier vos trajets entre conf\u00e9rences et rendez-vous d&rsquo;affaires.<\/p>\n<p>Notre <strong><a href=\"https:\/\/groupe-hotelo.com\/en\/hotel-lyon-avec-parking\/\">parking priv\u00e9 surveill\u00e9<\/a> accueille voitures et deux-roues<\/strong> 24h\/24. Id\u00e9al pour les exposants charg\u00e9s de mat\u00e9riel ou les visiteurs press\u00e9s entre deux sessions du salon.<\/p>\n<p>&nbsp;<\/p>\n<h2><strong>Confort &amp; bonne humeur : votre alli\u00e9 \u00e9v\u00e9nementiel<\/strong><\/h2>\n<p>&nbsp;<\/p>\n<p>Chez Hotelo, \u00eatre \u00ab\u00a0d\u00e9capsuleur de bonne humeur\u00a0\u00bb est bien plus qu&rsquo;un slogan : c&rsquo;est un <strong>art de vivre ! Notre \u00e9quipe<\/strong> d\u00e9jant\u00e9e vous accueille avec des \u00e9nigmes lyonnaises, des conseils de pros et parfois m\u00eame&#8230; un chocolat chaud ou un jus de houblon bien frais pour d\u00e9compresser apr\u00e8s le salon.<\/p>\n<ul>\n<li><a href=\"https:\/\/groupe-hotelo.com\/en\/\"><strong>Chambres insonoris\u00e9es<\/strong><\/a> avec espace travail<\/li>\n<li><a href=\"https:\/\/groupe-hotelo.com\/en\/hotel-lyon-avec-parking\/\"><strong>Wi-Fi haut d\u00e9bit<\/strong><\/a> et service de conciergerie<\/li>\n<li><a href=\"https:\/\/groupe-hotelo.com\/en\/petit-dejeuner-hotelo-lyon-ainay\/\"><strong>Petit d\u00e9jeuner buffet <\/strong><\/a>avec sucr\u00e9, sal\u00e9, frais, chaud, local, bio, un combin\u00e9 d\u2019\u00e9nergie<\/li>\n<li><a href=\"https:\/\/groupe-hotelo.com\/en\/our-concept\/\"><strong>Espace d\u00e9tente<\/strong> <\/a>avec distributeur de bonne humeur 24h\/24<\/li>\n<\/ul>\n<p>Exposants Pollutec ou visiteurs, apr\u00e8s une journ\u00e9e marathon sur les stands, retrouvez notre espace coworking pour finaliser vos rendez-vous d&rsquo;affaires. On s&rsquo;occupe des rafra\u00eechissements et gourmandises &#8211; pendant que vous peaufinez vos pr\u00e9sentations. Un <strong>m\u00e9lange parfait de s\u00e9rieux et de l\u00e9g\u00e8ret\u00e9<\/strong> fa\u00e7on Hotelo.<\/p>\n<p>&nbsp;<\/p>\n<h2><strong>Lyon apr\u00e8s Pollutec : votre \u00e9chappatoire<\/strong><\/h2>\n<p>&nbsp;<\/p>\n<p>Quand les lumi\u00e8res du salon s&rsquo;\u00e9teignent, Lyon d\u00e9ploie ses tr\u00e9sors ! De la place Bellecour au Vieux-Lyon, notre \u00e9quipe vous souffle <strong>ses adresses secr\u00e8tes<\/strong> pour transformer chaque pause en aventure gourmande ou culturelle.<\/p>\n<p>Direction les bouchons du quartier Ainay pour une quenelle sauce Nantua fa\u00e7on grand-m\u00e8re, ou les Halles Paul Bocuse pour un festin de saucissons brioch\u00e9s. Passez <strong>ma\u00eetre dans l&rsquo;art des traboules<\/strong> avec notre carte aux tr\u00e9sors, ou admirez Lyon depuis Fourvi\u00e8re &#8211; le spot selfie qui cloue le bec \u00e0 tous les r\u00e9seaux sociaux.<\/p>\n<p>Notre <a href=\"https:\/\/groupe-hotelo.com\/en\/petit-dejeuner-hotelo-lyon-charite\/\">Choc Hotelo<\/a> vous r\u00e9serve sa version \u00e9v\u00e9nementielle : <strong>gaufre maison et cascade de topings<\/strong>. Le combo parfait pour carburer aux r\u00e9unions de debriefing !<\/p>\n<p>Avec plus de 50 000 visiteurs attendus \u00e0 Pollutec 2025, chaque chambre compte. <strong>R\u00e9servez d\u00e8s maintenant<\/strong> sur notre site <a href=\"https:\/\/groupe-hotelo.com\/en\/\">internet<\/a> pour profiter de nos 3 \u00e9toiles malicieuses en plein centre ville et facile d\u2019acc\u00e8s pour Eurexpo. Et si vous nous glissez le code \u00ab\u00a0PRALINE2025\u00a0\u00bb \u00e0 la r\u00e9servation, on ajoute un sachet de gourmandises lyonnaises dans votre chambre&#8230; On vous avait pr\u00e9venu, chez Hotelo, on d\u00e9capsule aussi les sourires !<\/p>\n<p>\u00c0 deux pas d&rsquo;Eurexpo, l&rsquo;Hotelo Lyon Charit\u00e9 et l\u2019Hotelo Lyon Ainay allient confort 3 \u00e9toiles, parking s\u00e9curis\u00e9 et notre fameux concept de d\u00e9capsuleurs de bonne humeur \u2013 votre alli\u00e9 id\u00e9al pour Pollutec 2025. R\u00e9servez d\u00e8s maintenant pour conjuguer <strong>efficacit\u00e9 professionnelle et douceur lyonnaise<\/strong>, le tout saupoudr\u00e9 d&rsquo;un chocolat chaud r\u00e9confortant. Ici, m\u00eame les salons internationaux ont le go\u00fbt du plaisir partag\u00e9 !<\/p>\n<p>&nbsp;<\/p>","protected":false},"excerpt":{"rendered":"<p>Pr\u00eat(e) \u00e0 conjuguer efficacit\u00e9 professionnelle et cocooning lyonnais pour le salon Pollutec 2025 ? Tr\u00e8s facile d\u2019acc\u00e8s au centre d\u2019Eurexpo les h\u00f4tels Hotelo Lyon Charit\u00e9 et Hotelo Lyon Ainay d\u00e9ploient leurs chambres 3 \u00e9toiles et leurs parkings s\u00e9curis\u00e9s avec une touche de magie : notre concept d&rsquo;h\u00f4tel d\u00e9capsuleur de bonne humeur qui transforme chaque retour [&hellip;]<\/p>\n","protected":false},"author":5,"featured_media":1175791,"comment_status":"closed","ping_status":"closed","sticky":false,"template":"","format":"standard","meta":{"_seopress_robots_primary_cat":"none","_seopress_titles_title":"","_seopress_titles_desc":"","_seopress_robots_index":"","_jf_save_progress":"","_jet_sm_ready_style":"","_jet_sm_style":"","_jet_sm_controls_values":"","_jet_sm_fonts_collection":"","_jet_sm_fonts_links":"","footnotes":""},"categories":[1],"tags":[],"hotel":[],"class_list":["post-1175646","post","type-post","status-publish","format-standard","has-post-thumbnail","hentry","category-non-classe"],"_links":{"self":[{"href":"https:\/\/groupe-hotelo.com\/en\/wp-json\/wp\/v2\/posts\/1175646","targetHints":{"allow":["GET"]}}],"collection":[{"href":"https:\/\/groupe-hotelo.com\/en\/wp-json\/wp\/v2\/posts"}],"about":[{"href":"https:\/\/groupe-hotelo.com\/en\/wp-json\/wp\/v2\/types\/post"}],"author":[{"embeddable":true,"href":"https:\/\/groupe-hotelo.com\/en\/wp-json\/wp\/v2\/users\/5"}],"replies":[{"embeddable":true,"href":"https:\/\/groupe-hotelo.com\/en\/wp-json\/wp\/v2\/comments?post=1175646"}],"version-history":[{"count":3,"href":"https:\/\/groupe-hotelo.com\/en\/wp-json\/wp\/v2\/posts\/1175646\/revisions"}],"predecessor-version":[{"id":1175758,"href":"https:\/\/groupe-hotelo.com\/en\/wp-json\/wp\/v2\/posts\/1175646\/revisions\/1175758"}],"wp:featuredmedia":[{"embeddable":true,"href":"https:\/\/groupe-hotelo.com\/en\/wp-json\/wp\/v2\/media\/1175791"}],"wp:attachment":[{"href":"https:\/\/groupe-hotelo.com\/en\/wp-json\/wp\/v2\/media?parent=1175646"}],"wp:term":[{"taxonomy":"category","embeddable":true,"href":"https:\/\/groupe-hotelo.com\/en\/wp-json\/wp\/v2\/categories?post=1175646"},{"taxonomy":"post_tag","embeddable":true,"href":"https:\/\/groupe-hotelo.com\/en\/wp-json\/wp\/v2\/tags?post=1175646"},{"taxonomy":"hotel","embeddable":true,"href":"https:\/\/groupe-hotelo.com\/en\/wp-json\/wp\/v2\/hotel?post=1175646"}],"curies":[{"name":"wp","href":"https:\/\/api.w.org\/{rel}","templated":true}]}}