{"id":1454767,"date":"2026-04-22T08:48:31","date_gmt":"2026-04-22T06:48:31","guid":{"rendered":"https:\/\/groupe-hotelo.com\/?p=1454767"},"modified":"2026-04-22T08:48:31","modified_gmt":"2026-04-22T06:48:31","slug":"preparez-vos-nuits-de-fourviere-2026-et-votre-sejour-a-lyon","status":"publish","type":"post","link":"https:\/\/groupe-hotelo.com\/en\/preparez-vos-nuits-de-fourviere-2026-et-votre-sejour-a-lyon\/","title":{"rendered":"Pr\u00e9parez vos Nuits de Fourvi\u00e8re 2026 et votre s\u00e9jour \u00e0 Lyon"},"content":{"rendered":"<p>Vous redoutez d\u00e9j\u00e0 de manquer vos places face \u00e0 l&rsquo;engouement massif pour les Nuits de Fourvi\u00e8re 2026 ? Cet article d\u00e9taille le\u00a0<strong>programme exceptionnel de cette 80\u00e8me \u00e9dition<\/strong>\u00a0pour vous garantir un s\u00e9jour Lyon r\u00e9ussi, de la billetterie aux t\u00eates d&rsquo;affiche. D\u00e9couvrez comment l&rsquo;esprit d\u00e9capsuleur de nos h\u00f4tels Hotelo transforme votre week-end festival en une parenth\u00e8se enchant\u00e9e au c\u0153ur du patrimoine antique.<\/p>\n<ol>\n<li><a href=\"https:\/\/app.wisewand.ai\/articles\/d5970113-fed6-455f-8fc0-3084d7d75b4c\/result#programme-2026-artistes-nuits-fourviere\">Programme 2026 et artistes attendus aux Nuits de Fourvi\u00e8re<\/a><\/li>\n<li><a href=\"https:\/\/app.wisewand.ai\/articles\/d5970113-fed6-455f-8fc0-3084d7d75b4c\/result#heritage-historique-theatres-romains-lyon\">L&rsquo;h\u00e9ritage historique des th\u00e9\u00e2tres romains de Lyon<\/a><\/li>\n<li><a href=\"https:\/\/app.wisewand.ai\/articles\/d5970113-fed6-455f-8fc0-3084d7d75b4c\/result#acces-conseils-pratiques-colline-fourviere\">Acc\u00e8s et conseils pratiques pour vos soir\u00e9es au festival<\/a><\/li>\n<li><a href=\"https:\/\/app.wisewand.ai\/articles\/d5970113-fed6-455f-8fc0-3084d7d75b4c\/result#hotel-lyon-sejour-hotelo-festival\">Loger \u00e0 l&rsquo;h\u00f4tel Hotelo pour un s\u00e9jour lyonnais complet<\/a><\/li>\n<\/ol>\n<h2 id=\"programme-2026-artistes-nuits-fourviere\"><a href=\"https:\/\/www.nuitsdefourviere.com\/\">Programme 2026 et artistes attendus aux Nuits de Fourvi\u00e8re<\/a><\/h2>\n<p>Apr\u00e8s des mois d&rsquo;attente, Lyon s&rsquo;appr\u00eate enfin \u00e0\u00a0<strong>vibrer au rythme<\/strong>\u00a0au rythme de sa programmation estivale la plus embl\u00e9matique.<\/p>\n<h3>Les t\u00eates d&rsquo;affiche de cette \u00e9dition estivale<\/h3>\n<p>L&rsquo;affiche 2026 frappe fort avec des\u00a0<strong>noms l\u00e9gendaires<\/strong>. Retrouvez le trip-hop de Massive Attack, le flow historique de MC Solaar et la douceur de Vanessa Paradis. Ces dates exclusives promettent des moments suspendus dans l&rsquo;ar\u00e8ne antique.<\/p>\n<p>Le festival balaie les \u00e9tiquettes avec audace. On passe du rock pur aux musiques urbaines en un clin d&rsquo;\u0153il.\u00a0<strong>Cette diversit\u00e9 fait l&rsquo;\u00e2me des nuits lyonnaises<\/strong>\u00a0depuis des d\u00e9cennies.<\/p>\n<p>Le public local tr\u00e9pigne d\u00e9j\u00e0 d&rsquo;impatience. Les places s&rsquo;arrachent g\u00e9n\u00e9ralement en quelques minutes seulement. C&rsquo;est le\u00a0<strong>rendez-vous incontournable de votre \u00e9t\u00e9 \u00e0 Lyon<\/strong>.<\/p>\n<h3>Calendrier du festival et ouverture de la billetterie<\/h3>\n<p>Notez bien les dates dans votre agenda. L&rsquo;\u00e9v\u00e9nement se d\u00e9ploie\u00a0<strong>du 28 mai au 25 juillet 2026<\/strong>. Deux mois de f\u00eate intense vous attendent sur la colline.<\/p>\n<p>La billetterie centralise tout sur le site officiel. Cr\u00e9ez votre compte utilisateur d\u00e8s maintenant pour gagner de pr\u00e9cieuses secondes. La rapidit\u00e9 est votre meilleure alli\u00e9e pour\u00a0<strong>obtenir le pr\u00e9cieux s\u00e9same<\/strong>.<\/p>\n<ul>\n<li><strong>Ouverture des ventes<\/strong>\u00a0: 18 mars 2026 \u00e0 midi.<\/li>\n<li><strong>Limite de places<\/strong>\u00a0: quota restreint par commande.<\/li>\n<li><strong>Tarif moyen<\/strong>\u00a0: variable selon l&rsquo;artiste et la cat\u00e9gorie.<\/li>\n<\/ul>\n<p>Soyez ponctuel le jour J.\u00a0<strong>Les serveurs saturent<\/strong>\u00a0d\u00e8s les premi\u00e8res secondes de mise en ligne.<\/p>\n<h2 id=\"heritage-historique-theatres-romains-lyon\">L&rsquo;h\u00e9ritage historique des th\u00e9\u00e2tres romains de Lyon<\/h2>\n<p>Au-del\u00e0 des notes de musique, c&rsquo;est\u00a0<strong>un voyage dans le temps<\/strong>\u00a0qui s&rsquo;op\u00e8re sur la colline de Fourvi\u00e8re.<\/p>\n<h3>Origines du festival et \u00e9volution depuis 1946<\/h3>\n<p>\u00c9douard Herriot lance l&rsquo;aventure en 1946. Le festival na\u00eet juste apr\u00e8s la guerre. L&rsquo;id\u00e9e \u00e9tait de redonner vie aux ruines antiques. C&rsquo;est un\u00a0<strong>symbole fort de renaissance culturelle<\/strong>.<\/p>\n<p>En 2015, la M\u00e9tropole prend les r\u00eanes. Ce changement a permis de moderniser les structures.\u00a0<strong>Le festival a pris une dimension internationale majeure<\/strong>.<\/p>\n<p>Peu d&rsquo;\u00e9v\u00e9nements affichent une telle long\u00e9vit\u00e9. L&rsquo;esprit reste intact malgr\u00e9 les d\u00e9cennies.\u00a0<strong>La tradition perdure chaque \u00e9t\u00e9<\/strong>.<\/p>\n<h3>Une acoustique antique pour des spectacles modernes<\/h3>\n<p>Le Grand Th\u00e9\u00e2tre et l&rsquo;Od\u00e9on sont magiques.\u00a0<strong>Les pierres renvoient le son de mani\u00e8re unique<\/strong>. Les artistes adorent cette proximit\u00e9 avec le public.<\/p>\n<p>Impossible d&rsquo;oublier la tradition des coussins. On les lance sur sc\u00e8ne \u00e0 la fin. C&rsquo;est le\u00a0<strong>signe d&rsquo;un concert r\u00e9ussi<\/strong>.<\/p>\n<div>\n<table>\n<tbody>\n<tr>\n<th>Lieu<\/th>\n<th>Capacit\u00e9<\/th>\n<th>Type de spectacle<\/th>\n<th>Ambiance<\/th>\n<\/tr>\n<tr>\n<td>Grand Th\u00e9\u00e2tre<\/td>\n<td>4400 places<\/td>\n<td>Concerts majeurs<\/td>\n<td>Acoustique grandiose<\/td>\n<\/tr>\n<tr>\n<td>Od\u00e9on<\/td>\n<td>1200 places<\/td>\n<td>Th\u00e9\u00e2tre et intimiste<\/td>\n<td>Vue sur Lyon<\/td>\n<\/tr>\n<\/tbody>\n<\/table>\n<\/div>\n<p><strong>La vue sur Lyon est sublime<\/strong>. La nuit tombe doucement.<\/p>\n<h2 id=\"acces-conseils-pratiques-colline-fourviere\">Acc\u00e8s et conseils pratiques pour vos soir\u00e9es au festival<\/h2>\n<p>Pour profiter pleinement du spectacle,\u00a0<strong>une petite pr\u00e9paration logistique s&rsquo;impose<\/strong>\u00a0avant de grimper l\u00e0-haut.<\/p>\n<h3>Transports et mobilit\u00e9 vers le site antique<\/h3>\n<p>Le funiculaire F1 reste votre meilleur alli\u00e9. Il grimpe depuis la station Vieux Lyon jusqu&rsquo;\u00e0 l&rsquo;arr\u00eat Minimes. C&rsquo;est l&rsquo;option la plus simple. La mont\u00e9e s&rsquo;av\u00e8re rapide et vraiment pittoresque.<\/p>\n<p><strong>Les plus sportifs pr\u00e9f\u00e9reront les mont\u00e9es \u00e0 pied<\/strong>. Ces sentiers offrent des panoramas superbes sur les toits. Pour les cyclistes, des parkings d\u00e9di\u00e9s s\u00e9curisent vos v\u00e9los.<\/p>\n<p>Anticipez votre arriv\u00e9e pour \u00e9viter le stress. Le quartier sature vite les soirs de concert.\u00a0<strong>Oubliez la voiture individuelle<\/strong>\u00a0dans ce secteur pr\u00e9cis.<\/p>\n<h3>Se restaurer avant et pendant les concerts<\/h3>\n<p>C\u00f4t\u00e9 papilles, le site ne manque de rien. Des\u00a0<strong>food-trucks servent des snacks de qualit\u00e9<\/strong>. On grignote ainsi rapidement entre deux sets musicaux.<\/p>\n<p>Envie d&rsquo;une immersion locale ? Descendez vers les bouchons du Vieux Lyon. C&rsquo;est le cadre parfait pour un\u00a0<strong>repas complet<\/strong>.<\/p>\n<ul>\n<li><strong>Bar \u00e0 vin<\/strong>\u00a0dans l&rsquo;enceinte<\/li>\n<li><strong>Sandwichs artisanaux<\/strong><\/li>\n<li><strong>Restaurants de la rue Saint-Jean<\/strong><\/li>\n<li><strong>Pique-nique interdit<\/strong><\/li>\n<\/ul>\n<p>R\u00e9servez votre table \u00e0 l&rsquo;avance. Les \u00e9tablissements\u00a0<strong>affichent complet d\u00e8s 18h<\/strong>.<\/p>\n<h2 id=\"hotel-lyon-sejour-hotelo-festival\"><a href=\"https:\/\/groupe-hotelo.com\/en\/\">Loger dans les h\u00f4tels Hotelo pour un s\u00e9jour lyonnais complet<\/a><\/h2>\n<p>Apr\u00e8s l&rsquo;effervescence des rappels, rien ne vaut\u00a0<strong>un refuge douillet<\/strong>\u00a0pour prolonger la magie de la soir\u00e9e.<\/p>\n<h3>L&rsquo;esprit d\u00e9capsuleur de bonne humeur chez Hotelo Ainay et Hotelo Charit\u00e9<\/h3>\n<p>L&rsquo;accueil des h\u00f4tels Hotelo mise tout sur la convivialit\u00e9. Ici, le sourire est une seconde nature. On se sent instantan\u00e9ment comme chez des amis. C&rsquo;est le\u00a0<strong>v\u00e9ritable esprit d\u00e9capsuleur de bonheur<\/strong>.<\/p>\n<p>Les chambres affichent un design moderne et color\u00e9. Tout le confort est pens\u00e9 pour une r\u00e9cup\u00e9ration totale. C&rsquo;est\u00a0<strong>l&rsquo;endroit id\u00e9al apr\u00e8s un concert intense<\/strong>.<\/p>\n<p>Les quartiers d&rsquo;Ainay et Charit\u00e9 offrent un emplacement id\u00e9al au centre de Lyon, garez votre voiture dans notre parking et acc\u00e9dez facilement et rapidement \u00e0 tous les points d&rsquo;int\u00e9r\u00eat \u00e0 pieds ou en transports en commun.<\/p>\n<h3>Itin\u00e9raires entre la Presqu&rsquo;\u00eele et les th\u00e9\u00e2tres<\/h3>\n<p>Une balade pr\u00e9-concert est une excellente id\u00e9e. On traverse la place Bellecour \u00e0 pied. C&rsquo;est un\u00a0<strong>itin\u00e9raire direct vers le funiculaire de Fourvi\u00e8re<\/strong>.<\/p>\n<p>Prenez le temps de d\u00e9couvrir les boutiques d&rsquo;Ainay. Le quartier regorge d&rsquo;antiquaires et de cr\u00e9ateurs locaux. C&rsquo;est le visage d&rsquo;un\u00a0<strong>Lyon authentique<\/strong>.<\/p>\n<ul>\n<li><strong>Temps de trajet h\u00f4tel-festival<\/strong>\u00a0: environ 25 \u00e0 35 minutes en m\u00e9tro et bus.<\/li>\n<li><strong>Arr\u00eats de m\u00e9tro<\/strong>\u00a0: station Perrache (ligne A).<\/li>\n<li>Mus\u00e9es du quartier \u00e0 visiter :\u00a0<strong>Mus\u00e9e des Tissus et des Arts D\u00e9coratifs<\/strong>.<\/li>\n<\/ul>\n<p><strong>R\u00e9servez vos places d\u00e8s le 18 mars pour les nuits fourvi\u00e8re 2026<\/strong>\u00a0et garantissez votre s\u00e9jour chez Hotelo Ainay ou Charit\u00e9. Profitez d&rsquo;un confort moderne au c\u0153ur de Lyon avant de vibrer face aux th\u00e9\u00e2tres antiques. Ne manquez pas ce rendez-vous historique pour vivre un \u00e9t\u00e9 m\u00e9morable et festif.<\/p>","protected":false},"excerpt":{"rendered":"<p>Vous redoutez d\u00e9j\u00e0 de manquer vos places face \u00e0 l&rsquo;engouement massif pour les Nuits de Fourvi\u00e8re 2026 ? Cet article d\u00e9taille le\u00a0programme exceptionnel de cette 80\u00e8me \u00e9dition\u00a0pour vous garantir un s\u00e9jour Lyon r\u00e9ussi, de la billetterie aux t\u00eates d&rsquo;affiche. D\u00e9couvrez comment l&rsquo;esprit d\u00e9capsuleur de nos h\u00f4tels Hotelo transforme votre week-end festival en une parenth\u00e8se enchant\u00e9e [&hellip;]<\/p>\n","protected":false},"author":5,"featured_media":1454775,"comment_status":"closed","ping_status":"closed","sticky":false,"template":"","format":"standard","meta":{"_seopress_robots_primary_cat":"none","_seopress_titles_title":"","_seopress_titles_desc":"","_seopress_robots_index":"","_jf_save_progress":"","_jet_sm_ready_style":"","_jet_sm_style":"","_jet_sm_controls_values":"","_jet_sm_fonts_collection":"","_jet_sm_fonts_links":"","footnotes":""},"categories":[1],"tags":[],"hotel":[],"class_list":["post-1454767","post","type-post","status-publish","format-standard","has-post-thumbnail","hentry","category-non-classe"],"_links":{"self":[{"href":"https:\/\/groupe-hotelo.com\/en\/wp-json\/wp\/v2\/posts\/1454767","targetHints":{"allow":["GET"]}}],"collection":[{"href":"https:\/\/groupe-hotelo.com\/en\/wp-json\/wp\/v2\/posts"}],"about":[{"href":"https:\/\/groupe-hotelo.com\/en\/wp-json\/wp\/v2\/types\/post"}],"author":[{"embeddable":true,"href":"https:\/\/groupe-hotelo.com\/en\/wp-json\/wp\/v2\/users\/5"}],"replies":[{"embeddable":true,"href":"https:\/\/groupe-hotelo.com\/en\/wp-json\/wp\/v2\/comments?post=1454767"}],"version-history":[{"count":2,"href":"https:\/\/groupe-hotelo.com\/en\/wp-json\/wp\/v2\/posts\/1454767\/revisions"}],"predecessor-version":[{"id":1454810,"href":"https:\/\/groupe-hotelo.com\/en\/wp-json\/wp\/v2\/posts\/1454767\/revisions\/1454810"}],"wp:featuredmedia":[{"embeddable":true,"href":"https:\/\/groupe-hotelo.com\/en\/wp-json\/wp\/v2\/media\/1454775"}],"wp:attachment":[{"href":"https:\/\/groupe-hotelo.com\/en\/wp-json\/wp\/v2\/media?parent=1454767"}],"wp:term":[{"taxonomy":"category","embeddable":true,"href":"https:\/\/groupe-hotelo.com\/en\/wp-json\/wp\/v2\/categories?post=1454767"},{"taxonomy":"post_tag","embeddable":true,"href":"https:\/\/groupe-hotelo.com\/en\/wp-json\/wp\/v2\/tags?post=1454767"},{"taxonomy":"hotel","embeddable":true,"href":"https:\/\/groupe-hotelo.com\/en\/wp-json\/wp\/v2\/hotel?post=1454767"}],"curies":[{"name":"wp","href":"https:\/\/api.w.org\/{rel}","templated":true}]}}